{"id":1570,"date":"2024-12-03T08:35:08","date_gmt":"2024-12-03T07:35:08","guid":{"rendered":"https:\/\/groussbus.lgs.lu\/?p=1570"},"modified":"2024-12-03T08:35:08","modified_gmt":"2024-12-03T07:35:08","slug":"10-november-konveniat-zu-groussbus","status":"publish","type":"post","link":"https:\/\/groussbus.lgs.lu\/?p=1570","title":{"rendered":"10.November: Konveniat zu Groussbus"},"content":{"rendered":"\n<p>Den 10. November&nbsp; 2024 hu sech haiteg an eemoleg Cheffen a Mataarbechter vum Groussbuser Scoutsgrupp Saint Maximilian Kolbe zu Groussbus am Festsall fir een Konveniat getraff. D\u2019 Initiativ wor vun eisem laangj\u00e4regen Gruppechef Vally Bodem ausgaang, deen eis d\u00ebst Joer fir \u00ebmmer verlooss huet.<\/p>\n\n\n\n<p>Bei engem gudden Maufel an deem engen oder aneren Patt, goufen vill Er\u00ebnnerungen ausgetosch an Anekdoten verzielt, sech m\u00e9i oder manner al Fotoen ugekuckt. An natierlech hunn e puer Scoutslidder net dierften feelen.<\/p>\n\n\n\n<p>Esou haten d\u00e9i aktuell Memberen emol d\u2019 Gelee\u00ebnheet, d\u00e9i al \u201cHuesen\u201d kennen ze l\u00e9ieren, d\u00e9i zanter 1986&nbsp; eise Grupp opgebaut a matschafft hunn.<\/p>\n\n\n\n<figure class=\"wp-block-gallery has-nested-images columns-default is-cropped wp-block-gallery-1 is-layout-flex wp-block-gallery-is-layout-flex\">\n<figure class=\"wp-block-image size-large\"><img loading=\"lazy\" decoding=\"async\" width=\"1024\" height=\"683\" data-id=\"1573\" src=\"https:\/\/groussbus.lgs.lu\/wp-content\/uploads\/Foto-Conveniat-kleng-1024x683.jpg\" alt=\"\" class=\"wp-image-1573\" srcset=\"https:\/\/groussbus.lgs.lu\/wp-content\/uploads\/Foto-Conveniat-kleng-1024x683.jpg 1024w, https:\/\/groussbus.lgs.lu\/wp-content\/uploads\/Foto-Conveniat-kleng-300x200.jpg 300w, https:\/\/groussbus.lgs.lu\/wp-content\/uploads\/Foto-Conveniat-kleng-768x512.jpg 768w, https:\/\/groussbus.lgs.lu\/wp-content\/uploads\/Foto-Conveniat-kleng-1536x1024.jpg 1536w, https:\/\/groussbus.lgs.lu\/wp-content\/uploads\/Foto-Conveniat-kleng-2048x1365.jpg 2048w\" sizes=\"auto, (max-width: 1024px) 100vw, 1024px\" \/><\/figure>\n<\/figure>\n","protected":false},"excerpt":{"rendered":"<p>Den 10. November&nbsp; 2024 hu sech haiteg an eemoleg Cheffen a Mataarbechter vum Groussbuser Scoutsgrupp Saint Maximilian Kolbe zu Groussbus am Festsall fir een Konveniat getraff. D\u2019 Initiativ wor vun eisem laangj\u00e4regen Gruppechef Vally Bodem ausgaang, deen eis d\u00ebst Joer fir \u00ebmmer verlooss huet. Bei engem gudden Maufel an deem engen oder aneren Patt, goufen &hellip; <a href=\"https:\/\/groussbus.lgs.lu\/?p=1570\" class=\"more-link\">Continue reading <span class=\"screen-reader-text\">10.November: Konveniat zu Groussbus<\/span><\/a><\/p>\n","protected":false},"author":2,"featured_media":0,"comment_status":"closed","ping_status":"closed","sticky":false,"template":"","format":"standard","meta":{"footnotes":""},"categories":[1],"tags":[],"class_list":["post-1570","post","type-post","status-publish","format-standard","hentry","category-ouni-kategorie"],"publishpress_future_action":{"enabled":false,"date":"2026-05-01 13:06:20","action":"change-status","newStatus":"private","terms":[],"taxonomy":"category","extraData":[]},"publishpress_future_workflow_manual_trigger":{"enabledWorkflows":[]},"_links":{"self":[{"href":"https:\/\/groussbus.lgs.lu\/index.php?rest_route=\/wp\/v2\/posts\/1570","targetHints":{"allow":["GET"]}}],"collection":[{"href":"https:\/\/groussbus.lgs.lu\/index.php?rest_route=\/wp\/v2\/posts"}],"about":[{"href":"https:\/\/groussbus.lgs.lu\/index.php?rest_route=\/wp\/v2\/types\/post"}],"author":[{"embeddable":true,"href":"https:\/\/groussbus.lgs.lu\/index.php?rest_route=\/wp\/v2\/users\/2"}],"replies":[{"embeddable":true,"href":"https:\/\/groussbus.lgs.lu\/index.php?rest_route=%2Fwp%2Fv2%2Fcomments&post=1570"}],"version-history":[{"count":2,"href":"https:\/\/groussbus.lgs.lu\/index.php?rest_route=\/wp\/v2\/posts\/1570\/revisions"}],"predecessor-version":[{"id":1574,"href":"https:\/\/groussbus.lgs.lu\/index.php?rest_route=\/wp\/v2\/posts\/1570\/revisions\/1574"}],"wp:attachment":[{"href":"https:\/\/groussbus.lgs.lu\/index.php?rest_route=%2Fwp%2Fv2%2Fmedia&parent=1570"}],"wp:term":[{"taxonomy":"category","embeddable":true,"href":"https:\/\/groussbus.lgs.lu\/index.php?rest_route=%2Fwp%2Fv2%2Fcategories&post=1570"},{"taxonomy":"post_tag","embeddable":true,"href":"https:\/\/groussbus.lgs.lu\/index.php?rest_route=%2Fwp%2Fv2%2Ftags&post=1570"}],"curies":[{"name":"wp","href":"https:\/\/api.w.org\/{rel}","templated":true}]}}